{"id":82895,"date":"2018-03-01T15:23:54","date_gmt":"2018-03-01T15:23:54","guid":{"rendered":"https:\/\/guruvet.com\/?p=82895"},"modified":"2018-04-27T09:35:53","modified_gmt":"2018-04-27T09:35:53","slug":"guruvet-no-congresso-do-hospital-veterinario-montenegro-2018","status":"publish","type":"post","link":"https:\/\/guruvet.com\/pt-pt\/guruvet-no-congresso-do-hospital-veterinario-montenegro-2018\/","title":{"rendered":"GuruVet no Congresso do Hospital Veterin\u00e1rio de Montenegro 2018"},"content":{"rendered":"<p>O GuruVet esteve presente no Congresso do Hospital Veterin\u00e1rio Montenegro, nos dias 24 e 25 de fevereiro. Tivemos o prazer da presen\u00e7a de v\u00e1rios amigos, colegas e clientes que visitaram o nosso stand e participaram nas nossas forma\u00e7\u00f5es.<\/p>\n<p>&nbsp;<\/p>\n<p><img fetchpriority=\"high\" decoding=\"async\" class=\"size-full wp-image-82901 aligncenter\" src=\"https:\/\/guruvet.com\/wp-content\/uploads\/2018\/03\/cmn_1.jpg\" alt=\"\" width=\"1600\" height=\"1200\" srcset=\"https:\/\/guruvet.com\/wp-content\/uploads\/2018\/03\/cmn_1.jpg 1600w, https:\/\/guruvet.com\/wp-content\/uploads\/2018\/03\/cmn_1-300x225.jpg 300w, https:\/\/guruvet.com\/wp-content\/uploads\/2018\/03\/cmn_1-768x576.jpg 768w, https:\/\/guruvet.com\/wp-content\/uploads\/2018\/03\/cmn_1-1030x773.jpg 1030w, https:\/\/guruvet.com\/wp-content\/uploads\/2018\/03\/cmn_1-1500x1125.jpg 1500w, https:\/\/guruvet.com\/wp-content\/uploads\/2018\/03\/cmn_1-705x529.jpg 705w, https:\/\/guruvet.com\/wp-content\/uploads\/2018\/03\/cmn_1-450x338.jpg 450w\" sizes=\"(max-width: 1600px) 100vw, 1600px\" \/><\/p>\n<p><img decoding=\"async\" class=\"alignnone size-full wp-image-82902\" src=\"https:\/\/guruvet.com\/wp-content\/uploads\/2018\/03\/cmn_2.jpg\" alt=\"\" width=\"1600\" height=\"1200\" srcset=\"https:\/\/guruvet.com\/wp-content\/uploads\/2018\/03\/cmn_2.jpg 1600w, https:\/\/guruvet.com\/wp-content\/uploads\/2018\/03\/cmn_2-300x225.jpg 300w, https:\/\/guruvet.com\/wp-content\/uploads\/2018\/03\/cmn_2-768x576.jpg 768w, https:\/\/guruvet.com\/wp-content\/uploads\/2018\/03\/cmn_2-1030x773.jpg 1030w, https:\/\/guruvet.com\/wp-content\/uploads\/2018\/03\/cmn_2-1500x1125.jpg 1500w, https:\/\/guruvet.com\/wp-content\/uploads\/2018\/03\/cmn_2-705x529.jpg 705w, https:\/\/guruvet.com\/wp-content\/uploads\/2018\/03\/cmn_2-450x338.jpg 450w\" sizes=\"(max-width: 1600px) 100vw, 1600px\" \/><\/p>\n<p><img decoding=\"async\" class=\"alignnone size-full wp-image-82903\" src=\"https:\/\/guruvet.com\/wp-content\/uploads\/2018\/03\/cmn_3.jpg\" alt=\"\" width=\"1600\" height=\"1200\" srcset=\"https:\/\/guruvet.com\/wp-content\/uploads\/2018\/03\/cmn_3.jpg 1600w, https:\/\/guruvet.com\/wp-content\/uploads\/2018\/03\/cmn_3-300x225.jpg 300w, https:\/\/guruvet.com\/wp-content\/uploads\/2018\/03\/cmn_3-768x576.jpg 768w, https:\/\/guruvet.com\/wp-content\/uploads\/2018\/03\/cmn_3-1030x773.jpg 1030w, https:\/\/guruvet.com\/wp-content\/uploads\/2018\/03\/cmn_3-1500x1125.jpg 1500w, https:\/\/guruvet.com\/wp-content\/uploads\/2018\/03\/cmn_3-705x529.jpg 705w, https:\/\/guruvet.com\/wp-content\/uploads\/2018\/03\/cmn_3-450x338.jpg 450w\" sizes=\"(max-width: 1600px) 100vw, 1600px\" \/><\/p>\n<p>&nbsp;<\/p>\n<p>Damos \u00e0s boas vindas aos nossos novos clientes e parceiros \u2013 que este seja o in\u00edcio de uma rela\u00e7\u00e3o saud\u00e1vel e duradoura!<\/p>\n<p>&nbsp;<\/p>\n<p>Aproveitamos tamb\u00e9m para divulgar o nome da vencedora do nosso sorteio:<br \/>\n<strong>Parab\u00e9ns, Dra Paula Rom\u00e3o! Ganhou 6 meses de subscri\u00e7\u00e3o gratuita do GuruVet.<\/strong><\/p>\n<p>&nbsp;<\/p>\n<p>A equipa GuruVet est\u00e1 sempre \u00e0 disposi\u00e7\u00e3o, para esclarecer todas as suas d\u00favidas!<\/p>\n<div class='avia-button-wrap avia-button-left '><a href='https:\/\/guruvet.com\/pt-pt\/contacto\/'  class='avia-button   avia-icon_select-no avia-color-theme-color avia-size-medium avia-position-left '  target=\"_blank\"   ><span class='avia_iconbox_title' >Entre em Contacto<\/span><\/a><\/div>\n","protected":false},"excerpt":{"rendered":"<p>O GuruVet esteve presente no Congresso do Hospital Veterin\u00e1rio Montenegro, nos dias 24 e 25 de fevereiro. Tivemos o prazer da presen\u00e7a de v\u00e1rios amigos, colegas e clientes que visitaram o nosso stand e participaram nas nossas forma\u00e7\u00f5es. &nbsp; &nbsp; Damos \u00e0s boas vindas aos nossos novos clientes e parceiros \u2013 que este seja o [&hellip;]<\/p>\n","protected":false},"author":2,"featured_media":82905,"comment_status":"closed","ping_status":"open","sticky":false,"template":"","format":"standard","meta":{"_mi_skip_tracking":false},"categories":[81,75],"tags":[],"yoast_head":"<!-- This site is optimized with the Yoast SEO plugin v20.1 - https:\/\/yoast.com\/wordpress\/plugins\/seo\/ -->\n<title>GuruVet no Congresso do Hospital Veterin\u00e1rio de Montenegro 2018 - GuruVet<\/title>\n<meta name=\"robots\" content=\"index, follow, max-snippet:-1, max-image-preview:large, max-video-preview:-1\" \/>\n<link rel=\"canonical\" href=\"https:\/\/guruvet.com\/pt-pt\/guruvet-no-congresso-do-hospital-veterinario-montenegro-2018\/\" \/>\n<meta property=\"og:locale\" content=\"pt_PT\" \/>\n<meta property=\"og:type\" content=\"article\" \/>\n<meta property=\"og:title\" content=\"GuruVet no Congresso do Hospital Veterin\u00e1rio de Montenegro 2018 - GuruVet\" \/>\n<meta property=\"og:description\" content=\"O GuruVet esteve presente no Congresso do Hospital Veterin\u00e1rio Montenegro, nos dias 24 e 25 de fevereiro. Tivemos o prazer da presen\u00e7a de v\u00e1rios amigos, colegas e clientes que visitaram o nosso stand e participaram nas nossas forma\u00e7\u00f5es. &nbsp; &nbsp; Damos \u00e0s boas vindas aos nossos novos clientes e parceiros \u2013 que este seja o [&hellip;]\" \/>\n<meta property=\"og:url\" content=\"https:\/\/guruvet.com\/pt-pt\/guruvet-no-congresso-do-hospital-veterinario-montenegro-2018\/\" \/>\n<meta property=\"og:site_name\" content=\"GuruVet\" \/>\n<meta property=\"article:publisher\" content=\"https:\/\/www.facebook.com\/guruvet.software\/\" \/>\n<meta property=\"article:published_time\" content=\"2018-03-01T15:23:54+00:00\" \/>\n<meta property=\"article:modified_time\" content=\"2018-04-27T09:35:53+00:00\" \/>\n<meta property=\"og:image\" content=\"https:\/\/guruvet.com\/wp-content\/uploads\/2018\/03\/agradecimento_cmn.png\" \/>\n\t<meta property=\"og:image:width\" content=\"1000\" \/>\n\t<meta property=\"og:image:height\" content=\"666\" \/>\n\t<meta property=\"og:image:type\" content=\"image\/png\" \/>\n<meta name=\"author\" content=\"GuruVet\" \/>\n<meta name=\"twitter:card\" content=\"summary_large_image\" \/>\n<meta name=\"twitter:label1\" content=\"Escrito por\" \/>\n\t<meta name=\"twitter:data1\" content=\"GuruVet\" \/>\n\t<meta name=\"twitter:label2\" content=\"Tempo estimado de leitura\" \/>\n\t<meta name=\"twitter:data2\" content=\"1 minuto\" \/>\n<script type=\"application\/ld+json\" class=\"yoast-schema-graph\">{\"@context\":\"https:\/\/schema.org\",\"@graph\":[{\"@type\":\"Article\",\"@id\":\"https:\/\/guruvet.com\/pt-pt\/guruvet-no-congresso-do-hospital-veterinario-montenegro-2018\/#article\",\"isPartOf\":{\"@id\":\"https:\/\/guruvet.com\/pt-pt\/guruvet-no-congresso-do-hospital-veterinario-montenegro-2018\/\"},\"author\":{\"name\":\"GuruVet\",\"@id\":\"https:\/\/guruvet.com\/pt-pt\/#\/schema\/person\/4d6dbb78e4257a52f3891c9938c29347\"},\"headline\":\"GuruVet no Congresso do Hospital Veterin\u00e1rio de Montenegro 2018\",\"datePublished\":\"2018-03-01T15:23:54+00:00\",\"dateModified\":\"2018-04-27T09:35:53+00:00\",\"mainEntityOfPage\":{\"@id\":\"https:\/\/guruvet.com\/pt-pt\/guruvet-no-congresso-do-hospital-veterinario-montenegro-2018\/\"},\"wordCount\":159,\"publisher\":{\"@id\":\"https:\/\/guruvet.com\/pt-pt\/#organization\"},\"articleSection\":[\"Gen\u00e9ricas\",\"Veterin\u00e1ria\"],\"inLanguage\":\"pt-PT\"},{\"@type\":\"WebPage\",\"@id\":\"https:\/\/guruvet.com\/pt-pt\/guruvet-no-congresso-do-hospital-veterinario-montenegro-2018\/\",\"url\":\"https:\/\/guruvet.com\/pt-pt\/guruvet-no-congresso-do-hospital-veterinario-montenegro-2018\/\",\"name\":\"GuruVet no Congresso do Hospital Veterin\u00e1rio de Montenegro 2018 - GuruVet\",\"isPartOf\":{\"@id\":\"https:\/\/guruvet.com\/pt-pt\/#website\"},\"datePublished\":\"2018-03-01T15:23:54+00:00\",\"dateModified\":\"2018-04-27T09:35:53+00:00\",\"breadcrumb\":{\"@id\":\"https:\/\/guruvet.com\/pt-pt\/guruvet-no-congresso-do-hospital-veterinario-montenegro-2018\/#breadcrumb\"},\"inLanguage\":\"pt-PT\",\"potentialAction\":[{\"@type\":\"ReadAction\",\"target\":[\"https:\/\/guruvet.com\/pt-pt\/guruvet-no-congresso-do-hospital-veterinario-montenegro-2018\/\"]}]},{\"@type\":\"BreadcrumbList\",\"@id\":\"https:\/\/guruvet.com\/pt-pt\/guruvet-no-congresso-do-hospital-veterinario-montenegro-2018\/#breadcrumb\",\"itemListElement\":[{\"@type\":\"ListItem\",\"position\":1,\"name\":\"In\u00edcio\",\"item\":\"https:\/\/guruvet.com\/pt-pt\/\"},{\"@type\":\"ListItem\",\"position\":2,\"name\":\"GuruVet no Congresso do Hospital Veterin\u00e1rio de Montenegro 2018\"}]},{\"@type\":\"WebSite\",\"@id\":\"https:\/\/guruvet.com\/pt-pt\/#website\",\"url\":\"https:\/\/guruvet.com\/pt-pt\/\",\"name\":\"GuruVet\",\"description\":\"Software de Gest\u00e3o Cl\u00ednica Veterin\u00e1ria\",\"publisher\":{\"@id\":\"https:\/\/guruvet.com\/pt-pt\/#organization\"},\"potentialAction\":[{\"@type\":\"SearchAction\",\"target\":{\"@type\":\"EntryPoint\",\"urlTemplate\":\"https:\/\/guruvet.com\/pt-pt\/?s={search_term_string}\"},\"query-input\":\"required name=search_term_string\"}],\"inLanguage\":\"pt-PT\"},{\"@type\":\"Organization\",\"@id\":\"https:\/\/guruvet.com\/pt-pt\/#organization\",\"name\":\"GuruVet - Software de Gest\u00e3o para Cl\u00ednicas e Centros Veterin\u00e1rios\",\"url\":\"https:\/\/guruvet.com\/pt-pt\/\",\"logo\":{\"@type\":\"ImageObject\",\"inLanguage\":\"pt-PT\",\"@id\":\"https:\/\/guruvet.com\/pt-pt\/#\/schema\/logo\/image\/\",\"url\":\"https:\/\/guruvet.com\/wp-content\/uploads\/2017\/09\/logoguru-v2.png\",\"contentUrl\":\"https:\/\/guruvet.com\/wp-content\/uploads\/2017\/09\/logoguru-v2.png\",\"width\":388,\"height\":180,\"caption\":\"GuruVet - Software de Gest\u00e3o para Cl\u00ednicas e Centros Veterin\u00e1rios\"},\"image\":{\"@id\":\"https:\/\/guruvet.com\/pt-pt\/#\/schema\/logo\/image\/\"},\"sameAs\":[\"https:\/\/www.facebook.com\/guruvet.software\/\",\"https:\/\/www.youtube.com\/channel\/UCXBN4By8qb41-G4wIAfC6Ng\"]},{\"@type\":\"Person\",\"@id\":\"https:\/\/guruvet.com\/pt-pt\/#\/schema\/person\/4d6dbb78e4257a52f3891c9938c29347\",\"name\":\"GuruVet\",\"image\":{\"@type\":\"ImageObject\",\"inLanguage\":\"pt-PT\",\"@id\":\"https:\/\/guruvet.com\/pt-pt\/#\/schema\/person\/image\/\",\"url\":\"https:\/\/secure.gravatar.com\/avatar\/681a15f98bb4d2d7939e059fa79a8413?s=96&d=mm&r=g\",\"contentUrl\":\"https:\/\/secure.gravatar.com\/avatar\/681a15f98bb4d2d7939e059fa79a8413?s=96&d=mm&r=g\",\"caption\":\"GuruVet\"}}]}<\/script>\n<!-- \/ Yoast SEO plugin. -->","yoast_head_json":{"title":"GuruVet no Congresso do Hospital Veterin\u00e1rio de Montenegro 2018 - GuruVet","robots":{"index":"index","follow":"follow","max-snippet":"max-snippet:-1","max-image-preview":"max-image-preview:large","max-video-preview":"max-video-preview:-1"},"canonical":"https:\/\/guruvet.com\/pt-pt\/guruvet-no-congresso-do-hospital-veterinario-montenegro-2018\/","og_locale":"pt_PT","og_type":"article","og_title":"GuruVet no Congresso do Hospital Veterin\u00e1rio de Montenegro 2018 - GuruVet","og_description":"O GuruVet esteve presente no Congresso do Hospital Veterin\u00e1rio Montenegro, nos dias 24 e 25 de fevereiro. Tivemos o prazer da presen\u00e7a de v\u00e1rios amigos, colegas e clientes que visitaram o nosso stand e participaram nas nossas forma\u00e7\u00f5es. &nbsp; &nbsp; Damos \u00e0s boas vindas aos nossos novos clientes e parceiros \u2013 que este seja o [&hellip;]","og_url":"https:\/\/guruvet.com\/pt-pt\/guruvet-no-congresso-do-hospital-veterinario-montenegro-2018\/","og_site_name":"GuruVet","article_publisher":"https:\/\/www.facebook.com\/guruvet.software\/","article_published_time":"2018-03-01T15:23:54+00:00","article_modified_time":"2018-04-27T09:35:53+00:00","og_image":[{"width":1000,"height":666,"url":"https:\/\/guruvet.com\/wp-content\/uploads\/2018\/03\/agradecimento_cmn.png","type":"image\/png"}],"author":"GuruVet","twitter_card":"summary_large_image","twitter_misc":{"Escrito por":"GuruVet","Tempo estimado de leitura":"1 minuto"},"schema":{"@context":"https:\/\/schema.org","@graph":[{"@type":"Article","@id":"https:\/\/guruvet.com\/pt-pt\/guruvet-no-congresso-do-hospital-veterinario-montenegro-2018\/#article","isPartOf":{"@id":"https:\/\/guruvet.com\/pt-pt\/guruvet-no-congresso-do-hospital-veterinario-montenegro-2018\/"},"author":{"name":"GuruVet","@id":"https:\/\/guruvet.com\/pt-pt\/#\/schema\/person\/4d6dbb78e4257a52f3891c9938c29347"},"headline":"GuruVet no Congresso do Hospital Veterin\u00e1rio de Montenegro 2018","datePublished":"2018-03-01T15:23:54+00:00","dateModified":"2018-04-27T09:35:53+00:00","mainEntityOfPage":{"@id":"https:\/\/guruvet.com\/pt-pt\/guruvet-no-congresso-do-hospital-veterinario-montenegro-2018\/"},"wordCount":159,"publisher":{"@id":"https:\/\/guruvet.com\/pt-pt\/#organization"},"articleSection":["Gen\u00e9ricas","Veterin\u00e1ria"],"inLanguage":"pt-PT"},{"@type":"WebPage","@id":"https:\/\/guruvet.com\/pt-pt\/guruvet-no-congresso-do-hospital-veterinario-montenegro-2018\/","url":"https:\/\/guruvet.com\/pt-pt\/guruvet-no-congresso-do-hospital-veterinario-montenegro-2018\/","name":"GuruVet no Congresso do Hospital Veterin\u00e1rio de Montenegro 2018 - GuruVet","isPartOf":{"@id":"https:\/\/guruvet.com\/pt-pt\/#website"},"datePublished":"2018-03-01T15:23:54+00:00","dateModified":"2018-04-27T09:35:53+00:00","breadcrumb":{"@id":"https:\/\/guruvet.com\/pt-pt\/guruvet-no-congresso-do-hospital-veterinario-montenegro-2018\/#breadcrumb"},"inLanguage":"pt-PT","potentialAction":[{"@type":"ReadAction","target":["https:\/\/guruvet.com\/pt-pt\/guruvet-no-congresso-do-hospital-veterinario-montenegro-2018\/"]}]},{"@type":"BreadcrumbList","@id":"https:\/\/guruvet.com\/pt-pt\/guruvet-no-congresso-do-hospital-veterinario-montenegro-2018\/#breadcrumb","itemListElement":[{"@type":"ListItem","position":1,"name":"In\u00edcio","item":"https:\/\/guruvet.com\/pt-pt\/"},{"@type":"ListItem","position":2,"name":"GuruVet no Congresso do Hospital Veterin\u00e1rio de Montenegro 2018"}]},{"@type":"WebSite","@id":"https:\/\/guruvet.com\/pt-pt\/#website","url":"https:\/\/guruvet.com\/pt-pt\/","name":"GuruVet","description":"Software de Gest\u00e3o Cl\u00ednica Veterin\u00e1ria","publisher":{"@id":"https:\/\/guruvet.com\/pt-pt\/#organization"},"potentialAction":[{"@type":"SearchAction","target":{"@type":"EntryPoint","urlTemplate":"https:\/\/guruvet.com\/pt-pt\/?s={search_term_string}"},"query-input":"required name=search_term_string"}],"inLanguage":"pt-PT"},{"@type":"Organization","@id":"https:\/\/guruvet.com\/pt-pt\/#organization","name":"GuruVet - Software de Gest\u00e3o para Cl\u00ednicas e Centros Veterin\u00e1rios","url":"https:\/\/guruvet.com\/pt-pt\/","logo":{"@type":"ImageObject","inLanguage":"pt-PT","@id":"https:\/\/guruvet.com\/pt-pt\/#\/schema\/logo\/image\/","url":"https:\/\/guruvet.com\/wp-content\/uploads\/2017\/09\/logoguru-v2.png","contentUrl":"https:\/\/guruvet.com\/wp-content\/uploads\/2017\/09\/logoguru-v2.png","width":388,"height":180,"caption":"GuruVet - Software de Gest\u00e3o para Cl\u00ednicas e Centros Veterin\u00e1rios"},"image":{"@id":"https:\/\/guruvet.com\/pt-pt\/#\/schema\/logo\/image\/"},"sameAs":["https:\/\/www.facebook.com\/guruvet.software\/","https:\/\/www.youtube.com\/channel\/UCXBN4By8qb41-G4wIAfC6Ng"]},{"@type":"Person","@id":"https:\/\/guruvet.com\/pt-pt\/#\/schema\/person\/4d6dbb78e4257a52f3891c9938c29347","name":"GuruVet","image":{"@type":"ImageObject","inLanguage":"pt-PT","@id":"https:\/\/guruvet.com\/pt-pt\/#\/schema\/person\/image\/","url":"https:\/\/secure.gravatar.com\/avatar\/681a15f98bb4d2d7939e059fa79a8413?s=96&d=mm&r=g","contentUrl":"https:\/\/secure.gravatar.com\/avatar\/681a15f98bb4d2d7939e059fa79a8413?s=96&d=mm&r=g","caption":"GuruVet"}}]}},"_links":{"self":[{"href":"https:\/\/guruvet.com\/pt-pt\/wp-json\/wp\/v2\/posts\/82895"}],"collection":[{"href":"https:\/\/guruvet.com\/pt-pt\/wp-json\/wp\/v2\/posts"}],"about":[{"href":"https:\/\/guruvet.com\/pt-pt\/wp-json\/wp\/v2\/types\/post"}],"author":[{"embeddable":true,"href":"https:\/\/guruvet.com\/pt-pt\/wp-json\/wp\/v2\/users\/2"}],"replies":[{"embeddable":true,"href":"https:\/\/guruvet.com\/pt-pt\/wp-json\/wp\/v2\/comments?post=82895"}],"version-history":[{"count":0,"href":"https:\/\/guruvet.com\/pt-pt\/wp-json\/wp\/v2\/posts\/82895\/revisions"}],"wp:featuredmedia":[{"embeddable":true,"href":"https:\/\/guruvet.com\/pt-pt\/wp-json\/wp\/v2\/media\/82905"}],"wp:attachment":[{"href":"https:\/\/guruvet.com\/pt-pt\/wp-json\/wp\/v2\/media?parent=82895"}],"wp:term":[{"taxonomy":"category","embeddable":true,"href":"https:\/\/guruvet.com\/pt-pt\/wp-json\/wp\/v2\/categories?post=82895"},{"taxonomy":"post_tag","embeddable":true,"href":"https:\/\/guruvet.com\/pt-pt\/wp-json\/wp\/v2\/tags?post=82895"}],"curies":[{"name":"wp","href":"https:\/\/api.w.org\/{rel}","templated":true}]}}